{"id":6276,"date":"2021-10-01T12:35:33","date_gmt":"2021-10-01T10:35:33","guid":{"rendered":"http:\/\/theoroos.de\/wp\/?p=6276"},"modified":"2021-10-05T15:30:34","modified_gmt":"2021-10-05T13:30:34","slug":"radiobeitrag-wdr-31-05-2018","status":"publish","type":"post","link":"http:\/\/theoroos.de\/wp\/2021\/10\/01\/radiobeitrag-wdr-31-05-2018\/","title":{"rendered":"\u00dcber das Unaussprechliche in der Musik"},"content":{"rendered":"<section class=\"l-section wpb_row height_medium\"><div class=\"l-section-h i-cf\"><div class=\"g-cols vc_row via_grid cols_1 laptops-cols_inherit tablets-cols_inherit mobiles-cols_1 valign_top type_default stacking_default\"><div class=\"wpb_column vc_column_container\"><div class=\"vc_column-inner\"><div class=\"wpb_text_column\"><div class=\"wpb_wrapper\"><div class=\"con\">\n<div class=\"modCon\">\n<div class=\"mod modA modParagraph\">\n<div class=\"boxCon\">\n<div class=\"box\">\n<div class=\"mediaCon mediaTop\">\n<h2 class=\"media mediaA\"><span style=\"font-family: inherit;\">\u00dcber das Unaussprechliche<\/span><\/h2>\n<\/div>\n<div class=\"socialMedia\">\n<div class=\"mod modSharing\" data-ctrl-sharingmedia=\"\">\n<div class=\"shareCon\">\n<p>&nbsp;<\/p>\n<\/div>\n<\/div>\n<\/div>\n<p class=\"einleitung small\">In seinem hochpoetischen Buch &#8222;Die Musik und das Unaussprechliche&#8220; stellt der franz\u00f6sische Philosoph, Musiker und Musikwissenschaftler Vladimir Jank\u00e9l\u00e9vitch die fundamentale Frage: &#8222;Was ist Musik?&#8220; Und zielt damit auf das unerforschte Gel\u00e4nde zwischen Musik und Philosophie.<\/p>\n<\/div>\n<\/div>\n<\/div>\n<\/div>\n<\/div>\n<div class=\"con\"><\/div>\n<div class=\"con\">\n<div class=\"modCon\">\n<div class=\"mod modA modParagraph\">\n<div class=\"boxCon\">\n<div class=\"box\">\n<div class=\"linklist sendehinweis\">\n<ul class=\"list\">\n<li class=\"noLink radio\">Musikportr\u00e4t | 31. Mai 2018, 15.05 &#8211; 16.00 Uhr | WDR\u00a03<\/li>\n<\/ul>\n<\/div>\n<\/div>\n<\/div>\n<\/div>\n<\/div>\n<\/div>\n<div class=\"con\">\n<div class=\"modCon\">\n<div class=\"mod modA modParagraph\">\n<div class=\"boxCon\">\n<div class=\"box\">\n<p class=\"text small\"><strong>Das Musikportr\u00e4t steht nach der Sendung befristet bis zum 7. Juni zum Nachh\u00f6ren zur Verf\u00fcgung.<\/strong><\/p>\n<\/div>\n<\/div>\n<\/div>\n<\/div>\n<\/div>\n<div class=\"con\">\n<div class=\"modCon modConAudio\">\n<div class=\"mod modA modParagraph hasPlayer\">\n<div class=\"boxCon\">\n<div class=\"box\">\n<div class=\"mediaCon small\">\n<div class=\"mediaDescription teaser small\">\n<h3 class=\"headline\">Was ist Musik? &#8211; der Philosoph Vladimir Jank\u00e9l\u00e9vitch<\/h3>\n<p class=\"text\">WDR 3 Mosaik | 31.05.2018 | 53:25 Min.<\/p>\n<\/div>\n<\/div>\n<\/div>\n<\/div>\n<\/div>\n<\/div>\n<\/div>\n<div class=\"con\">\n<div class=\"modCon\">\n<div class=\"mod modA modParagraph\">\n<div class=\"boxCon\">\n<div class=\"box\">\n<p class=\"text small\">Jank\u00e9l\u00e9vitchs Buch gilt heute als die bedeutendste musikphilosophische Schrift franz\u00f6sischer Sprache im 20. Jahrhundert. Sie ist noch nicht lange ins Deutsche \u00fcbersetzt. Im &#8222;Unausprechlichen&#8220; sieht Jank\u00e9l\u00e9vitsch Musik und Philosophie in Verbindung. Beide n\u00e4hern sich mit ihren Mitteln einem &#8222;un\u00fcbersetzbaren Punkt&#8220;. In seinen Betrachtungen findet Jank\u00e9l\u00e9vitch \u00fcberraschende Paare: Hier Philosophen wie Schopenhauer, Nietzsche, G\u00fcnther Anders, dort Komponisten mit \u00fcberraschend leichten Musen: Rossini, Bizet, Debussy. In der Frage nach der &#8222;Hieroglyphe des Klangs&#8220; setzt sich eine alte philosophische Tradition fort: die Suche nach einem Sprechen ohne Begriff.<\/p>\n<\/div>\n<\/div>\n<\/div>\n<\/div>\n<\/div>\n<div class=\"con\">\n<div class=\"modCon\">\n<div class=\"mod modA modParagraph\">\n<div class=\"boxCon\">\n<div class=\"box\">\n<div class=\"infokasten small\">\n<p class=\"text\">Vladimir Jank\u00e9l\u00e9vitch: \u00dcber das Unaussprechliche. Aus dem Franz\u00f6sischen von Ulrich Kunzmann. Suhrkamp Verlag Berlin 2016, 268 Seiten, 29,- Euro.<\/p>\n<\/div>\n<\/div>\n<\/div>\n<\/div>\n<\/div>\n<\/div>\n<div class=\"con\">\n<div class=\"modCon\">\n<div class=\"mod modA modHeadline small\">\n<div class=\"boxCon\">\n<div class=\"box\">\n<div class=\"teaser\">\n<div class=\"linklist\">\n<ul class=\"list\">\n<li><a href=\"https:\/\/www1.wdr.de\/radio\/wdr3\/programm\/sendungen\/wdr3-musikportraet\/index.html\">WDR 3 Musikportr\u00e4t | <strong>mehr<\/strong><\/a><\/li>\n<\/ul>\n<\/div>\n<\/div>\n<\/div>\n<\/div>\n<\/div>\n<\/div>\n<\/div>\n<div class=\"con\">\n<div class=\"modCon\">\n<div class=\"mod modA modParagraph\">\n<div class=\"boxCon\">\n<div class=\"box\">\n<p class=\"text small\"><strong>Ausstrahlung am 31. Mai 2018<br \/>\nVon Theo Roos<br \/>\nRedaktion: Adrian Winkler<br \/>\nProduktion: WDR 2018<\/strong><\/p>\n<p id=\"ardAbbinder\" class=\"text small\"><span class=\"stand\"><span id=\"ardStand\">Stand: 22.05.2018, 12:29<\/span><\/span><\/p>\n<\/div>\n<\/div>\n<\/div>\n<\/div>\n<\/div>\n<\/div><\/div><\/div><\/div><\/div><\/div><\/section><section class=\"l-section wpb_row height_medium\"><div class=\"l-section-h i-cf\"><div class=\"g-cols vc_row via_grid cols_1 laptops-cols_inherit tablets-cols_inherit mobiles-cols_1 valign_top type_default stacking_default\"><div class=\"wpb_column vc_column_container\"><div class=\"vc_column-inner\"><div class=\"w-image align_none\"><div class=\"w-image-h\"><img loading=\"lazy\" decoding=\"async\" width=\"568\" height=\"320\" src=\"http:\/\/theoroos.de\/wp\/wp-content\/uploads\/2017\/12\/luhmann138_Bild.jpeg\" class=\"attachment-large size-large\" alt=\"\" srcset=\"http:\/\/theoroos.de\/wp\/wp-content\/uploads\/2017\/12\/luhmann138_Bild.jpeg 568w, http:\/\/theoroos.de\/wp\/wp-content\/uploads\/2017\/12\/luhmann138_Bild-300x169.jpeg 300w\" sizes=\"auto, (max-width: 568px) 100vw, 568px\" \/><\/div><\/div><\/div><\/div><\/div><\/div><\/section>\n","protected":false},"excerpt":{"rendered":"\u00dcber das Unaussprechliche &nbsp; In seinem hochpoetischen Buch &#8222;Die Musik und das Unaussprechliche&#8220; stellt der franz\u00f6sische Philosoph, Musiker und Musikwissenschaftler Vladimir Jank\u00e9l\u00e9vitch die fundamentale Frage: &#8222;Was ist Musik?&#8220; Und zielt damit auf das unerforschte Gel\u00e4nde zwischen Musik und Philosophie. Musikportr\u00e4t | 31. Mai 2018, 15.05 &#8211; 16.00 Uhr | WDR\u00a03 Das Musikportr\u00e4t steht nach der...","protected":false},"author":1,"featured_media":6279,"comment_status":"open","ping_status":"open","sticky":false,"template":"","format":"standard","meta":{"footnotes":""},"categories":[22],"tags":[],"class_list":["post-6276","post","type-post","status-publish","format-standard","has-post-thumbnail","hentry","category-philosophie"],"_links":{"self":[{"href":"http:\/\/theoroos.de\/wp\/wp-json\/wp\/v2\/posts\/6276","targetHints":{"allow":["GET"]}}],"collection":[{"href":"http:\/\/theoroos.de\/wp\/wp-json\/wp\/v2\/posts"}],"about":[{"href":"http:\/\/theoroos.de\/wp\/wp-json\/wp\/v2\/types\/post"}],"author":[{"embeddable":true,"href":"http:\/\/theoroos.de\/wp\/wp-json\/wp\/v2\/users\/1"}],"replies":[{"embeddable":true,"href":"http:\/\/theoroos.de\/wp\/wp-json\/wp\/v2\/comments?post=6276"}],"version-history":[{"count":9,"href":"http:\/\/theoroos.de\/wp\/wp-json\/wp\/v2\/posts\/6276\/revisions"}],"predecessor-version":[{"id":6457,"href":"http:\/\/theoroos.de\/wp\/wp-json\/wp\/v2\/posts\/6276\/revisions\/6457"}],"wp:featuredmedia":[{"embeddable":true,"href":"http:\/\/theoroos.de\/wp\/wp-json\/wp\/v2\/media\/6279"}],"wp:attachment":[{"href":"http:\/\/theoroos.de\/wp\/wp-json\/wp\/v2\/media?parent=6276"}],"wp:term":[{"taxonomy":"category","embeddable":true,"href":"http:\/\/theoroos.de\/wp\/wp-json\/wp\/v2\/categories?post=6276"},{"taxonomy":"post_tag","embeddable":true,"href":"http:\/\/theoroos.de\/wp\/wp-json\/wp\/v2\/tags?post=6276"}],"curies":[{"name":"wp","href":"https:\/\/api.w.org\/{rel}","templated":true}]}}